{"id":121,"count":1,"description":"","link":"https:\/\/fort-des-dunes.fr\/de\/evenements-cat\/musikalische-veranstaltung\/","name":"Musikalische Veranstaltung","slug":"musikalische-veranstaltung","taxonomy":"mec_category","parent":0,"meta":[],"acf":[],"yoast_head":"<!-- This site is optimized with the Yoast SEO Premium plugin v27.1 (Yoast SEO v27.1.1) - https:\/\/yoast.com\/product\/yoast-seo-premium-wordpress\/ -->\n<title>Cat\u00e9gorie : Musikalische Veranstaltung - Fort des Dunes | Leffrinckoucke<\/title>\n<meta name=\"robots\" content=\"noindex, follow\" \/>\n<meta property=\"og:locale\" content=\"de_DE\" \/>\n<meta property=\"og:type\" content=\"article\" \/>\n<meta property=\"og:title\" content=\"Archives des Musikalische Veranstaltung\" \/>\n<meta property=\"og:url\" content=\"https:\/\/fort-des-dunes.fr\/de\/evenements-cat\/musikalische-veranstaltung\/\" \/>\n<meta property=\"og:site_name\" content=\"Fort des Dunes | Leffrinckoucke\" \/>\n<meta name=\"twitter:card\" content=\"summary_large_image\" \/>\n<script type=\"application\/ld+json\" class=\"yoast-schema-graph\">{\"@context\":\"https:\/\/schema.org\",\"@graph\":[{\"@type\":\"CollectionPage\",\"@id\":\"https:\/\/fort-des-dunes.fr\/de\/evenements-cat\/musikalische-veranstaltung\/\",\"url\":\"https:\/\/fort-des-dunes.fr\/de\/evenements-cat\/musikalische-veranstaltung\/\",\"name\":\"Cat\u00e9gorie : Musikalische Veranstaltung - Fort des Dunes | Leffrinckoucke\",\"isPartOf\":{\"@id\":\"https:\/\/fort-des-dunes.fr\/de\/#website\"},\"breadcrumb\":{\"@id\":\"https:\/\/fort-des-dunes.fr\/de\/evenements-cat\/musikalische-veranstaltung\/#breadcrumb\"},\"inLanguage\":\"de\"},{\"@type\":\"BreadcrumbList\",\"@id\":\"https:\/\/fort-des-dunes.fr\/de\/evenements-cat\/musikalische-veranstaltung\/#breadcrumb\",\"itemListElement\":[{\"@type\":\"ListItem\",\"position\":1,\"name\":\"Accueil\",\"item\":\"https:\/\/fort-des-dunes.fr\/de\/\"},{\"@type\":\"ListItem\",\"position\":2,\"name\":\"Musikalische Veranstaltung\"}]},{\"@type\":\"WebSite\",\"@id\":\"https:\/\/fort-des-dunes.fr\/de\/#website\",\"url\":\"https:\/\/fort-des-dunes.fr\/de\/\",\"name\":\"Fort des Dunes | Leffrinckoucke\",\"description\":\"Un mus\u00e9e historique au coeur des dunes de Dunkerque\",\"publisher\":{\"@id\":\"https:\/\/fort-des-dunes.fr\/de\/#organization\"},\"alternateName\":\"Fort des Dunes\",\"potentialAction\":[{\"@type\":\"SearchAction\",\"target\":{\"@type\":\"EntryPoint\",\"urlTemplate\":\"https:\/\/fort-des-dunes.fr\/de\/?s={search_term_string}\"},\"query-input\":{\"@type\":\"PropertyValueSpecification\",\"valueRequired\":true,\"valueName\":\"search_term_string\"}}],\"inLanguage\":\"de\"},{\"@type\":[\"Organization\",\"Place\",\"Museum\"],\"@id\":\"https:\/\/fort-des-dunes.fr\/de\/#organization\",\"name\":\"Fort des Dunes Leffrinckoucke-Dunkerque\",\"alternateName\":\"Fort des Dunes\",\"url\":\"https:\/\/fort-des-dunes.fr\/de\/\",\"logo\":{\"@id\":\"https:\/\/fort-des-dunes.fr\/de\/evenements-cat\/musikalische-veranstaltung\/#local-main-organization-logo\"},\"image\":{\"@id\":\"https:\/\/fort-des-dunes.fr\/de\/evenements-cat\/musikalische-veranstaltung\/#local-main-organization-logo\"},\"sameAs\":[\"https:\/\/www.facebook.com\/FortdesDunes\/\",\"https:\/\/www.instagram.com\/fortdesdunes\/\"],\"description\":\"Le Fort des Dunes est un ouvrage militaire situ\u00e9 au sein de l\u2019espace des Dunes de Flandres, sur la commune de Leffrinckoucke et \u00e0 proximit\u00e9 de Dunkerque. Il dispose d'un mus\u00e9e, d'un th\u00e9\u00e2tre et d'un espace de plein air avec de nombreux \u00e9v\u00e9nements, visites, concerts et activit\u00e9s toute l'ann\u00e9e. La billetterie en ligne permet de r\u00e9server les places via le site internet directement.\",\"legalName\":\"Fort des Dunes\",\"foundingDate\":\"1998-06-01\",\"numberOfEmployees\":{\"@type\":\"QuantitativeValue\",\"minValue\":\"1\",\"maxValue\":\"10\"},\"actionableFeedbackPolicy\":\"https:\/\/fort-des-dunes.fr\/mentions-legales-politique-confidentialite-rgpd\/\",\"address\":{\"@id\":\"https:\/\/fort-des-dunes.fr\/de\/evenements-cat\/musikalische-veranstaltung\/#local-main-place-address\"},\"geo\":{\"@type\":\"GeoCoordinates\",\"latitude\":\"51.05342275378238\",\"longitude\":\"2.4470795569430526\"},\"telephone\":[],\"contactPoint\":{\"@type\":\"ContactPoint\",\"telephone\":\"+33328291317\"},\"openingHoursSpecification\":[{\"@type\":\"OpeningHoursSpecification\",\"dayOfWeek\":[\"Monday\"],\"opens\":\"00:00\",\"closes\":\"00:00\"},{\"@type\":\"OpeningHoursSpecification\",\"dayOfWeek\":[\"Tuesday\",\"Wednesday\",\"Thursday\",\"Friday\",\"Saturday\",\"Sunday\"],\"opens\":\"10:00\",\"closes\":\"18:00\"}],\"areaServed\":\"Leffrinckoucke, Dunkerque\"},{\"@type\":\"PostalAddress\",\"@id\":\"https:\/\/fort-des-dunes.fr\/de\/evenements-cat\/musikalische-veranstaltung\/#local-main-place-address\",\"streetAddress\":\"Chemin du Fort\",\"addressLocality\":\"Leffrinckoucke\",\"postalCode\":\"59495\",\"addressCountry\":\"FR\"},{\"@type\":\"ImageObject\",\"inLanguage\":\"de\",\"@id\":\"https:\/\/fort-des-dunes.fr\/de\/evenements-cat\/musikalische-veranstaltung\/#local-main-organization-logo\",\"url\":\"https:\/\/fort-des-dunes.fr\/wp-content\/uploads\/2024\/02\/Muserial_Fort-des-Dunes-Logo-gris.png\",\"contentUrl\":\"https:\/\/fort-des-dunes.fr\/wp-content\/uploads\/2024\/02\/Muserial_Fort-des-Dunes-Logo-gris.png\",\"width\":600,\"height\":576,\"caption\":\"Fort des Dunes Leffrinckoucke-Dunkerque\"}]}<\/script>\n<meta name=\"geo.placename\" content=\"Leffrinckoucke\" \/>\n<meta name=\"geo.position\" content=\"51.05342275378238;2.4470795569430526\" \/>\n<meta name=\"geo.region\" content=\"Frankreich\" \/>\n<!-- \/ Yoast SEO Premium plugin. -->","yoast_head_json":{"title":"Cat\u00e9gorie : Musikalische Veranstaltung - Fort des Dunes | Leffrinckoucke","robots":{"index":"noindex","follow":"follow"},"og_locale":"de_DE","og_type":"article","og_title":"Archives des Musikalische Veranstaltung","og_url":"https:\/\/fort-des-dunes.fr\/de\/evenements-cat\/musikalische-veranstaltung\/","og_site_name":"Fort des Dunes | Leffrinckoucke","twitter_card":"summary_large_image","schema":{"@context":"https:\/\/schema.org","@graph":[{"@type":"CollectionPage","@id":"https:\/\/fort-des-dunes.fr\/de\/evenements-cat\/musikalische-veranstaltung\/","url":"https:\/\/fort-des-dunes.fr\/de\/evenements-cat\/musikalische-veranstaltung\/","name":"Cat\u00e9gorie : Musikalische Veranstaltung - Fort des Dunes | Leffrinckoucke","isPartOf":{"@id":"https:\/\/fort-des-dunes.fr\/de\/#website"},"breadcrumb":{"@id":"https:\/\/fort-des-dunes.fr\/de\/evenements-cat\/musikalische-veranstaltung\/#breadcrumb"},"inLanguage":"de"},{"@type":"BreadcrumbList","@id":"https:\/\/fort-des-dunes.fr\/de\/evenements-cat\/musikalische-veranstaltung\/#breadcrumb","itemListElement":[{"@type":"ListItem","position":1,"name":"Accueil","item":"https:\/\/fort-des-dunes.fr\/de\/"},{"@type":"ListItem","position":2,"name":"Musikalische Veranstaltung"}]},{"@type":"WebSite","@id":"https:\/\/fort-des-dunes.fr\/de\/#website","url":"https:\/\/fort-des-dunes.fr\/de\/","name":"Fort des Dunes | Leffrinckoucke","description":"Un mus\u00e9e historique au coeur des dunes de Dunkerque","publisher":{"@id":"https:\/\/fort-des-dunes.fr\/de\/#organization"},"alternateName":"Fort des Dunes","potentialAction":[{"@type":"SearchAction","target":{"@type":"EntryPoint","urlTemplate":"https:\/\/fort-des-dunes.fr\/de\/?s={search_term_string}"},"query-input":{"@type":"PropertyValueSpecification","valueRequired":true,"valueName":"search_term_string"}}],"inLanguage":"de"},{"@type":["Organization","Place","Museum"],"@id":"https:\/\/fort-des-dunes.fr\/de\/#organization","name":"Fort des Dunes Leffrinckoucke-Dunkerque","alternateName":"Fort des Dunes","url":"https:\/\/fort-des-dunes.fr\/de\/","logo":{"@id":"https:\/\/fort-des-dunes.fr\/de\/evenements-cat\/musikalische-veranstaltung\/#local-main-organization-logo"},"image":{"@id":"https:\/\/fort-des-dunes.fr\/de\/evenements-cat\/musikalische-veranstaltung\/#local-main-organization-logo"},"sameAs":["https:\/\/www.facebook.com\/FortdesDunes\/","https:\/\/www.instagram.com\/fortdesdunes\/"],"description":"Le Fort des Dunes est un ouvrage militaire situ\u00e9 au sein de l\u2019espace des Dunes de Flandres, sur la commune de Leffrinckoucke et \u00e0 proximit\u00e9 de Dunkerque. Il dispose d'un mus\u00e9e, d'un th\u00e9\u00e2tre et d'un espace de plein air avec de nombreux \u00e9v\u00e9nements, visites, concerts et activit\u00e9s toute l'ann\u00e9e. La billetterie en ligne permet de r\u00e9server les places via le site internet directement.","legalName":"Fort des Dunes","foundingDate":"1998-06-01","numberOfEmployees":{"@type":"QuantitativeValue","minValue":"1","maxValue":"10"},"actionableFeedbackPolicy":"https:\/\/fort-des-dunes.fr\/mentions-legales-politique-confidentialite-rgpd\/","address":{"@id":"https:\/\/fort-des-dunes.fr\/de\/evenements-cat\/musikalische-veranstaltung\/#local-main-place-address"},"geo":{"@type":"GeoCoordinates","latitude":"51.05342275378238","longitude":"2.4470795569430526"},"telephone":[],"contactPoint":{"@type":"ContactPoint","telephone":"+33328291317"},"openingHoursSpecification":[{"@type":"OpeningHoursSpecification","dayOfWeek":["Monday"],"opens":"00:00","closes":"00:00"},{"@type":"OpeningHoursSpecification","dayOfWeek":["Tuesday","Wednesday","Thursday","Friday","Saturday","Sunday"],"opens":"10:00","closes":"18:00"}],"areaServed":"Leffrinckoucke, Dunkerque"},{"@type":"PostalAddress","@id":"https:\/\/fort-des-dunes.fr\/de\/evenements-cat\/musikalische-veranstaltung\/#local-main-place-address","streetAddress":"Chemin du Fort","addressLocality":"Leffrinckoucke","postalCode":"59495","addressCountry":"FR"},{"@type":"ImageObject","inLanguage":"de","@id":"https:\/\/fort-des-dunes.fr\/de\/evenements-cat\/musikalische-veranstaltung\/#local-main-organization-logo","url":"https:\/\/fort-des-dunes.fr\/wp-content\/uploads\/2024\/02\/Muserial_Fort-des-Dunes-Logo-gris.png","contentUrl":"https:\/\/fort-des-dunes.fr\/wp-content\/uploads\/2024\/02\/Muserial_Fort-des-Dunes-Logo-gris.png","width":600,"height":576,"caption":"Fort des Dunes Leffrinckoucke-Dunkerque"}]},"geo.placename":"Leffrinckoucke","geo.position":{"lat":"51.05342275378238","long":"2.4470795569430526"},"geo.region":"Frankreich"},"_links":{"self":[{"href":"https:\/\/fort-des-dunes.fr\/de\/wp-json\/wp\/v2\/mec_category\/121","targetHints":{"allow":["GET"]}}],"collection":[{"href":"https:\/\/fort-des-dunes.fr\/de\/wp-json\/wp\/v2\/mec_category"}],"about":[{"href":"https:\/\/fort-des-dunes.fr\/de\/wp-json\/wp\/v2\/taxonomies\/mec_category"}],"wp:post_type":[{"href":"https:\/\/fort-des-dunes.fr\/de\/wp-json\/wp\/v2\/mec-events?mec_category=121"}],"curies":[{"name":"wp","href":"https:\/\/api.w.org\/{rel}","templated":true}]}}