{"id":5337,"date":"2024-03-09T10:51:32","date_gmt":"2024-03-09T09:51:32","guid":{"rendered":"https:\/\/fort-des-dunes.fr\/non-classifiee\/the-great-bicycle-adventure-from-march-9-to-november-1-2024\/"},"modified":"2025-02-21T18:57:04","modified_gmt":"2025-02-21T17:57:04","slug":"the-great-bicycle-adventure-from-march-9-to-november-1-2024","status":"publish","type":"post","link":"https:\/\/fort-des-dunes.fr\/en\/temporary-exhibitions\/the-great-bicycle-adventure-from-march-9-to-november-1-2024\/","title":{"rendered":"The Great Bicycle Adventure &#8211; from March 9 to November 1, 2024"},"content":{"rendered":"\n<p><strong>Information<\/strong>: this page details the temporary exhibition that took place in 2024. To discover the new 2025 temporary exhibition, go to the dedicated page: &#8220;<a href=\"https:\/\/fort-des-dunes.fr\/expos-temporaires\/decouvrez-la-nouvelle-exposition-temporaire-du-fort-la-division-janssen-des-hommes-sacrifies\/\">The Fort&#8217;s new temporary exhibition, The Janssen Division &#8211; Men sacrificed<\/a>&#8220;. <\/p>\n\n<p>In 2024, discover the temporary exhibition &#8220;<strong>The great adventure of the bicycle<\/strong>&#8221; at the Fort des Dunes in Leffrinckoucke!<\/p>\n\n<p>The Fort des Dunes de Leffrinckoucke is proud to announce the launch of its captivating new temporary exhibition: \u201cThe great adventure of the bicycle\u201d.<\/p>\n\n<p><strong>From March 9 until November 1, 2024<\/strong>, visitors will have the opportunity to immerse themselves in the fascinating world of the bicycle and explore its evolution over the decades.<\/p>\n\n<figure class=\"wp-block-embed is-type-video is-provider-youtube wp-block-embed-youtube wp-embed-aspect-16-9 wp-has-aspect-ratio\"><div class=\"wp-block-embed__wrapper\">\n<p class=\"responsive-video-wrap clr\"><iframe hcb-fetch-image-from=\"https:\/\/www.youtube.com\/watch?v=sJeWBBUjhPs\" title=\"La grande aventure de la bicyclette - expo temporaire - reportage ASTV\" width=\"1200\" height=\"675\" src=\"https:\/\/www.youtube.com\/embed\/sJeWBBUjhPs?feature=oembed\" frameborder=\"0\" allow=\"accelerometer; autoplay; clipboard-write; encrypted-media; gyroscope; picture-in-picture; web-share\" referrerpolicy=\"strict-origin-when-cross-origin\" allowfullscreen><\/iframe><\/p>\n<\/div><figcaption class=\"wp-element-caption\">TV report of the temporary exhibition at Fort des Dunes<\/figcaption><\/figure>\n\n<p>Organized in partnership with the &#8220;V\u00e9los Historiques&#8221; association, this unique exhibition will showcase dozens of bicycles dating from the 1920s to 2020. Visitors will have an exceptional opportunity to admire emblematic models and rare bicycles that have marked the history of the bicycle.<\/p>\n\n<p>\u201cThe great adventure of the bicycle\u201d at Fort des Dunes will offer an immersive experience through time, retracing the technical, aesthetic and social evolution of this iconic object. Visitors will have the opportunity to explore the different eras of the bicycle, understand the technological advances that have shaped its development and appreciate its impact on society.<\/p>\n<div class=\"wp-block-image is-style-default\">\n<figure class=\"aligncenter size-large is-resized\"><img fetchpriority=\"high\" decoding=\"async\" width=\"724\" height=\"1024\" src=\"https:\/\/fort-des-dunes.fr\/wp-content\/uploads\/affiche-La-grande-aventure-de-la-bicyclette_page-0001-724x1024.jpg\" alt=\"\" class=\"wp-image-2990\" style=\"width:400px\" srcset=\"https:\/\/fort-des-dunes.fr\/wp-content\/uploads\/affiche-La-grande-aventure-de-la-bicyclette_page-0001-724x1024.jpg 724w, https:\/\/fort-des-dunes.fr\/wp-content\/uploads\/affiche-La-grande-aventure-de-la-bicyclette_page-0001-212x300.jpg 212w, https:\/\/fort-des-dunes.fr\/wp-content\/uploads\/affiche-La-grande-aventure-de-la-bicyclette_page-0001-600x848.jpg 600w, https:\/\/fort-des-dunes.fr\/wp-content\/uploads\/affiche-La-grande-aventure-de-la-bicyclette_page-0001.jpg 764w\" sizes=\"(max-width: 724px) 100vw, 724px\" \/><\/figure>\n<\/div>\n<p>The exhibition will highlight bicycles that bear witness to their era: Racing bikes, utility bikes, city bikes and many others will be presented, offering a remarkable diversity to satisfy cycling enthusiasts and the curious.<\/p>\n\n<p>As part of the 2024 Olympic Games organized in Paris, the exhibition will also allow you to discover Olympic stories and anecdotes with iconic bicycles which have marked the history of this prestigious sporting event!<\/p>\n\n<p>The Fort des Dunes of Leffrinckoucke, backed by the EV4 velomaritime, with its historic setting and breathtaking view of the sea, constitutes the ideal location for this major exhibition. Visitors will not only be able to explore the history of the bicycle, but also enjoy the natural beauty of the area and the cultural richness of the fort.<\/p>\n\n<p>We invite cycling enthusiasts, cycle tourists, history buffs and the general public to come and discover this exceptional exhibition at the Fort des Dunes de Leffrinckoucke.<\/p>\n\n<p>Don&#8217;t miss this opportunity to dive into &#8220;The Great Adventure of the Bicycle&#8221; and immerse yourself in the exciting world of this iconic means of transport.<\/p>\n\n<div style=\"height:1em\" aria-hidden=\"true\" class=\"wp-block-spacer\"><\/div>\n\n<div class=\"wp-block-buttons is-content-justification-center is-layout-flex wp-container-core-buttons-is-layout-16018d1d wp-block-buttons-is-layout-flex\">\n<div class=\"wp-block-button\"><a class=\"wp-block-button__link wp-element-button\" href=\"https:\/\/fort-des-dunes.fr\/en\/shop\/\">Access to ticketing<\/a><\/div>\n\n\n\n<div class=\"wp-block-button\"><a class=\"wp-block-button__link wp-element-button\" href=\"https:\/\/fort-des-dunes.fr\/expos-temporaires\/decouvrez-la-nouvelle-exposition-temporaire-du-fort-la-division-janssen-des-hommes-sacrifies\/\">See the temporary exhibition 2025<\/a><\/div>\n<\/div>\n\n<div style=\"height:1em\" aria-hidden=\"true\" class=\"wp-block-spacer\"><\/div>\n\n<p><\/p>\n","protected":false},"excerpt":{"rendered":"<p>Discover the temporary exhibition \u201cThe great adventure of the bicycle\u201d at the Fort des Dunes de Leffrinckoucke! Season 2024.<\/p>\n","protected":false},"author":1,"featured_media":4870,"comment_status":"closed","ping_status":"closed","sticky":false,"template":"","format":"standard","meta":{"_acf_changed":false,"ocean_post_layout":"","ocean_both_sidebars_style":"","ocean_both_sidebars_content_width":0,"ocean_both_sidebars_sidebars_width":0,"ocean_sidebar":"","ocean_second_sidebar":"","ocean_disable_margins":"enable","ocean_add_body_class":"","ocean_shortcode_before_top_bar":"","ocean_shortcode_after_top_bar":"","ocean_shortcode_before_header":"","ocean_shortcode_after_header":"","ocean_has_shortcode":"","ocean_shortcode_after_title":"","ocean_shortcode_before_footer_widgets":"","ocean_shortcode_after_footer_widgets":"","ocean_shortcode_before_footer_bottom":"","ocean_shortcode_after_footer_bottom":"","ocean_display_top_bar":"default","ocean_display_header":"default","ocean_header_style":"","ocean_center_header_left_menu":"","ocean_custom_header_template":"","ocean_custom_logo":0,"ocean_custom_retina_logo":0,"ocean_custom_logo_max_width":0,"ocean_custom_logo_tablet_max_width":0,"ocean_custom_logo_mobile_max_width":0,"ocean_custom_logo_max_height":0,"ocean_custom_logo_tablet_max_height":0,"ocean_custom_logo_mobile_max_height":0,"ocean_header_custom_menu":"","ocean_menu_typo_font_family":"","ocean_menu_typo_font_subset":"","ocean_menu_typo_font_size":0,"ocean_menu_typo_font_size_tablet":0,"ocean_menu_typo_font_size_mobile":0,"ocean_menu_typo_font_size_unit":"px","ocean_menu_typo_font_weight":"","ocean_menu_typo_font_weight_tablet":"","ocean_menu_typo_font_weight_mobile":"","ocean_menu_typo_transform":"","ocean_menu_typo_transform_tablet":"","ocean_menu_typo_transform_mobile":"","ocean_menu_typo_line_height":0,"ocean_menu_typo_line_height_tablet":0,"ocean_menu_typo_line_height_mobile":0,"ocean_menu_typo_line_height_unit":"","ocean_menu_typo_spacing":0,"ocean_menu_typo_spacing_tablet":0,"ocean_menu_typo_spacing_mobile":0,"ocean_menu_typo_spacing_unit":"","ocean_menu_link_color":"","ocean_menu_link_color_hover":"","ocean_menu_link_color_active":"","ocean_menu_link_background":"","ocean_menu_link_hover_background":"","ocean_menu_link_active_background":"","ocean_menu_social_links_bg":"","ocean_menu_social_hover_links_bg":"","ocean_menu_social_links_color":"","ocean_menu_social_hover_links_color":"","ocean_disable_title":"default","ocean_disable_heading":"default","ocean_post_title":"","ocean_post_subheading":"","ocean_post_title_style":"","ocean_post_title_background_color":"","ocean_post_title_background":0,"ocean_post_title_bg_image_position":"","ocean_post_title_bg_image_attachment":"","ocean_post_title_bg_image_repeat":"","ocean_post_title_bg_image_size":"","ocean_post_title_height":0,"ocean_post_title_bg_overlay":0.5,"ocean_post_title_bg_overlay_color":"","ocean_disable_breadcrumbs":"default","ocean_breadcrumbs_color":"","ocean_breadcrumbs_separator_color":"","ocean_breadcrumbs_links_color":"","ocean_breadcrumbs_links_hover_color":"","ocean_display_footer_widgets":"default","ocean_display_footer_bottom":"default","ocean_custom_footer_template":"","osh_disable_topbar_sticky":"default","osh_disable_header_sticky":"default","osh_sticky_header_style":"default","osh_sticky_header_effect":"","osh_custom_sticky_logo":0,"osh_custom_retina_sticky_logo":0,"osh_custom_sticky_logo_height":0,"osh_background_color":"","osh_links_color":"","osh_links_hover_color":"","osh_links_active_color":"","osh_links_bg_color":"","osh_links_hover_bg_color":"","osh_links_active_bg_color":"","osh_menu_social_links_color":"","osh_menu_social_hover_links_color":"","ocean_post_oembed":"","ocean_post_self_hosted_media":"","ocean_post_video_embed":"","ocean_link_format":"","ocean_link_format_target":"self","ocean_quote_format":"","ocean_quote_format_link":"post","ocean_gallery_link_images":"on","ocean_gallery_id":[],"footnotes":""},"categories":[89],"tags":[],"class_list":["post-5337","post","type-post","status-publish","format-standard","has-post-thumbnail","hentry","category-temporary-exhibitions","entry","has-media","owp-thumbs-layout-horizontal","owp-btn-big","owp-tabs-layout-horizontal","has-no-thumbnails"],"acf":[],"yoast_head":"<!-- This site is optimized with the Yoast SEO Premium plugin v27.1 (Yoast SEO v27.1.1) - https:\/\/yoast.com\/product\/yoast-seo-premium-wordpress\/ -->\n<title>The Great Bicycle Adventure - from March 9 to November 1, 2024 - Fort des Dunes | Leffrinckoucke<\/title>\n<meta name=\"robots\" content=\"index, follow, max-snippet:-1, max-image-preview:large, max-video-preview:-1\" \/>\n<link rel=\"canonical\" href=\"https:\/\/fort-des-dunes.fr\/en\/temporary-exhibitions\/the-great-bicycle-adventure-from-march-9-to-november-1-2024\/\" \/>\n<meta property=\"og:locale\" content=\"en_US\" \/>\n<meta property=\"og:type\" content=\"article\" \/>\n<meta property=\"og:title\" content=\"The Great Bicycle Adventure - from March 9 to November 1, 2024 - Fort des Dunes | Leffrinckoucke\" \/>\n<meta property=\"og:description\" content=\"Discover the temporary exhibition \u201cThe great adventure of the bicycle\u201d at the Fort des Dunes de Leffrinckoucke! Season 2024.\" \/>\n<meta property=\"og:url\" content=\"https:\/\/fort-des-dunes.fr\/en\/temporary-exhibitions\/the-great-bicycle-adventure-from-march-9-to-november-1-2024\/\" \/>\n<meta property=\"og:site_name\" content=\"Fort des Dunes | Leffrinckoucke\" \/>\n<meta property=\"article:publisher\" content=\"https:\/\/www.facebook.com\/FortdesDunes\/\" \/>\n<meta property=\"article:published_time\" content=\"2024-03-09T09:51:32+00:00\" \/>\n<meta property=\"article:modified_time\" content=\"2025-02-21T17:57:04+00:00\" \/>\n<meta property=\"og:image\" content=\"https:\/\/fort-des-dunes.fr\/wp-content\/uploads\/affiche-La-grande-aventure-de-la-bicyclette_page-0001.jpg\" \/>\n\t<meta property=\"og:image:width\" content=\"764\" \/>\n\t<meta property=\"og:image:height\" content=\"1080\" \/>\n\t<meta property=\"og:image:type\" content=\"image\/jpeg\" \/>\n<meta name=\"author\" content=\"CPCI Solutions\" \/>\n<meta name=\"twitter:card\" content=\"summary_large_image\" \/>\n<script type=\"application\/ld+json\" class=\"yoast-schema-graph\">{\"@context\":\"https:\/\/schema.org\",\"@graph\":[{\"@type\":\"Article\",\"@id\":\"https:\/\/fort-des-dunes.fr\/en\/temporary-exhibitions\/the-great-bicycle-adventure-from-march-9-to-november-1-2024\/#article\",\"isPartOf\":{\"@id\":\"https:\/\/fort-des-dunes.fr\/en\/temporary-exhibitions\/the-great-bicycle-adventure-from-march-9-to-november-1-2024\/\"},\"author\":{\"name\":\"CPCI Solutions\",\"@id\":\"https:\/\/fort-des-dunes.fr\/en\/#\/schema\/person\/27aa0f1ac1d5af5ea8d4cb89034171e0\"},\"headline\":\"The Great Bicycle Adventure &#8211; from March 9 to November 1, 2024\",\"datePublished\":\"2024-03-09T09:51:32+00:00\",\"dateModified\":\"2025-02-21T17:57:04+00:00\",\"mainEntityOfPage\":{\"@id\":\"https:\/\/fort-des-dunes.fr\/en\/temporary-exhibitions\/the-great-bicycle-adventure-from-march-9-to-november-1-2024\/\"},\"wordCount\":413,\"publisher\":{\"@id\":\"https:\/\/fort-des-dunes.fr\/en\/#organization\"},\"image\":{\"@id\":\"https:\/\/fort-des-dunes.fr\/en\/temporary-exhibitions\/the-great-bicycle-adventure-from-march-9-to-november-1-2024\/#primaryimage\"},\"thumbnailUrl\":\"https:\/\/fort-des-dunes.fr\/wp-content\/uploads\/affiche-La-grande-aventure-de-la-bicyclette_page-0001.jpg\",\"articleSection\":[\"Temporary exhibitions\"],\"inLanguage\":\"en-US\"},{\"@type\":\"WebPage\",\"@id\":\"https:\/\/fort-des-dunes.fr\/en\/temporary-exhibitions\/the-great-bicycle-adventure-from-march-9-to-november-1-2024\/\",\"url\":\"https:\/\/fort-des-dunes.fr\/en\/temporary-exhibitions\/the-great-bicycle-adventure-from-march-9-to-november-1-2024\/\",\"name\":\"The Great Bicycle Adventure - from March 9 to November 1, 2024 - Fort des Dunes | Leffrinckoucke\",\"isPartOf\":{\"@id\":\"https:\/\/fort-des-dunes.fr\/en\/#website\"},\"primaryImageOfPage\":{\"@id\":\"https:\/\/fort-des-dunes.fr\/en\/temporary-exhibitions\/the-great-bicycle-adventure-from-march-9-to-november-1-2024\/#primaryimage\"},\"image\":{\"@id\":\"https:\/\/fort-des-dunes.fr\/en\/temporary-exhibitions\/the-great-bicycle-adventure-from-march-9-to-november-1-2024\/#primaryimage\"},\"thumbnailUrl\":\"https:\/\/fort-des-dunes.fr\/wp-content\/uploads\/affiche-La-grande-aventure-de-la-bicyclette_page-0001.jpg\",\"datePublished\":\"2024-03-09T09:51:32+00:00\",\"dateModified\":\"2025-02-21T17:57:04+00:00\",\"breadcrumb\":{\"@id\":\"https:\/\/fort-des-dunes.fr\/en\/temporary-exhibitions\/the-great-bicycle-adventure-from-march-9-to-november-1-2024\/#breadcrumb\"},\"inLanguage\":\"en-US\",\"potentialAction\":[{\"@type\":\"ReadAction\",\"target\":[\"https:\/\/fort-des-dunes.fr\/en\/temporary-exhibitions\/the-great-bicycle-adventure-from-march-9-to-november-1-2024\/\"]}]},{\"@type\":\"ImageObject\",\"inLanguage\":\"en-US\",\"@id\":\"https:\/\/fort-des-dunes.fr\/en\/temporary-exhibitions\/the-great-bicycle-adventure-from-march-9-to-november-1-2024\/#primaryimage\",\"url\":\"https:\/\/fort-des-dunes.fr\/wp-content\/uploads\/affiche-La-grande-aventure-de-la-bicyclette_page-0001.jpg\",\"contentUrl\":\"https:\/\/fort-des-dunes.fr\/wp-content\/uploads\/affiche-La-grande-aventure-de-la-bicyclette_page-0001.jpg\",\"width\":764,\"height\":1080},{\"@type\":\"BreadcrumbList\",\"@id\":\"https:\/\/fort-des-dunes.fr\/en\/temporary-exhibitions\/the-great-bicycle-adventure-from-march-9-to-november-1-2024\/#breadcrumb\",\"itemListElement\":[{\"@type\":\"ListItem\",\"position\":1,\"name\":\"Accueil\",\"item\":\"https:\/\/fort-des-dunes.fr\/en\/\"},{\"@type\":\"ListItem\",\"position\":2,\"name\":\"Temporary exhibitions\",\"item\":\"https:\/\/fort-des-dunes.fr\/en\/categorie-actu\/temporary-exhibitions\/\"},{\"@type\":\"ListItem\",\"position\":3,\"name\":\"The Great Bicycle Adventure &#8211; from March 9 to November 1, 2024\"}]},{\"@type\":\"WebSite\",\"@id\":\"https:\/\/fort-des-dunes.fr\/en\/#website\",\"url\":\"https:\/\/fort-des-dunes.fr\/en\/\",\"name\":\"Fort des Dunes | Leffrinckoucke\",\"description\":\"Un mus\u00e9e historique au coeur des dunes de Dunkerque\",\"publisher\":{\"@id\":\"https:\/\/fort-des-dunes.fr\/en\/#organization\"},\"alternateName\":\"Fort des Dunes\",\"potentialAction\":[{\"@type\":\"SearchAction\",\"target\":{\"@type\":\"EntryPoint\",\"urlTemplate\":\"https:\/\/fort-des-dunes.fr\/en\/?s={search_term_string}\"},\"query-input\":{\"@type\":\"PropertyValueSpecification\",\"valueRequired\":true,\"valueName\":\"search_term_string\"}}],\"inLanguage\":\"en-US\"},{\"@type\":[\"Organization\",\"Place\",\"Museum\"],\"@id\":\"https:\/\/fort-des-dunes.fr\/en\/#organization\",\"name\":\"Fort des Dunes Leffrinckoucke-Dunkerque\",\"alternateName\":\"Fort des Dunes\",\"url\":\"https:\/\/fort-des-dunes.fr\/en\/\",\"logo\":{\"@id\":\"https:\/\/fort-des-dunes.fr\/en\/temporary-exhibitions\/the-great-bicycle-adventure-from-march-9-to-november-1-2024\/#local-main-organization-logo\"},\"image\":{\"@id\":\"https:\/\/fort-des-dunes.fr\/en\/temporary-exhibitions\/the-great-bicycle-adventure-from-march-9-to-november-1-2024\/#local-main-organization-logo\"},\"sameAs\":[\"https:\/\/www.facebook.com\/FortdesDunes\/\",\"https:\/\/www.instagram.com\/fortdesdunes\/\"],\"description\":\"Le Fort des Dunes est un ouvrage militaire situ\u00e9 au sein de l\u2019espace des Dunes de Flandres, sur la commune de Leffrinckoucke et \u00e0 proximit\u00e9 de Dunkerque. Il dispose d'un mus\u00e9e, d'un th\u00e9\u00e2tre et d'un espace de plein air avec de nombreux \u00e9v\u00e9nements, visites, concerts et activit\u00e9s toute l'ann\u00e9e. La billetterie en ligne permet de r\u00e9server les places via le site internet directement.\",\"legalName\":\"Fort des Dunes\",\"foundingDate\":\"1998-06-01\",\"numberOfEmployees\":{\"@type\":\"QuantitativeValue\",\"minValue\":\"1\",\"maxValue\":\"10\"},\"actionableFeedbackPolicy\":\"https:\/\/fort-des-dunes.fr\/mentions-legales-politique-confidentialite-rgpd\/\",\"address\":{\"@id\":\"https:\/\/fort-des-dunes.fr\/en\/temporary-exhibitions\/the-great-bicycle-adventure-from-march-9-to-november-1-2024\/#local-main-place-address\"},\"geo\":{\"@type\":\"GeoCoordinates\",\"latitude\":\"51.05342275378238\",\"longitude\":\"2.4470795569430526\"},\"telephone\":[],\"contactPoint\":{\"@type\":\"ContactPoint\",\"telephone\":\"+33328291317\"},\"openingHoursSpecification\":[{\"@type\":\"OpeningHoursSpecification\",\"dayOfWeek\":[\"Monday\"],\"opens\":\"00:00\",\"closes\":\"00:00\"},{\"@type\":\"OpeningHoursSpecification\",\"dayOfWeek\":[\"Tuesday\",\"Wednesday\",\"Thursday\",\"Friday\",\"Saturday\",\"Sunday\"],\"opens\":\"10:00\",\"closes\":\"18:00\"}],\"areaServed\":\"Leffrinckoucke, Dunkerque\"},{\"@type\":\"Person\",\"@id\":\"https:\/\/fort-des-dunes.fr\/en\/#\/schema\/person\/27aa0f1ac1d5af5ea8d4cb89034171e0\",\"name\":\"CPCI Solutions\",\"sameAs\":[\"https:\/\/www.cpci-solutions.fr\/\"]},{\"@type\":\"PostalAddress\",\"@id\":\"https:\/\/fort-des-dunes.fr\/en\/temporary-exhibitions\/the-great-bicycle-adventure-from-march-9-to-november-1-2024\/#local-main-place-address\",\"streetAddress\":\"Chemin du Fort\",\"addressLocality\":\"Leffrinckoucke\",\"postalCode\":\"59495\",\"addressCountry\":\"FR\"},{\"@type\":\"ImageObject\",\"inLanguage\":\"en-US\",\"@id\":\"https:\/\/fort-des-dunes.fr\/en\/temporary-exhibitions\/the-great-bicycle-adventure-from-march-9-to-november-1-2024\/#local-main-organization-logo\",\"url\":\"https:\/\/fort-des-dunes.fr\/wp-content\/uploads\/2024\/02\/Muserial_Fort-des-Dunes-Logo-gris.png\",\"contentUrl\":\"https:\/\/fort-des-dunes.fr\/wp-content\/uploads\/2024\/02\/Muserial_Fort-des-Dunes-Logo-gris.png\",\"width\":600,\"height\":576,\"caption\":\"Fort des Dunes Leffrinckoucke-Dunkerque\"}]}<\/script>\n<meta name=\"geo.placename\" content=\"Leffrinckoucke\" \/>\n<meta name=\"geo.position\" content=\"51.05342275378238;2.4470795569430526\" \/>\n<meta name=\"geo.region\" content=\"France\" \/>\n<!-- \/ Yoast SEO Premium plugin. -->","yoast_head_json":{"title":"The Great Bicycle Adventure - from March 9 to November 1, 2024 - Fort des Dunes | Leffrinckoucke","robots":{"index":"index","follow":"follow","max-snippet":"max-snippet:-1","max-image-preview":"max-image-preview:large","max-video-preview":"max-video-preview:-1"},"canonical":"https:\/\/fort-des-dunes.fr\/en\/temporary-exhibitions\/the-great-bicycle-adventure-from-march-9-to-november-1-2024\/","og_locale":"en_US","og_type":"article","og_title":"The Great Bicycle Adventure - from March 9 to November 1, 2024 - Fort des Dunes | Leffrinckoucke","og_description":"Discover the temporary exhibition \u201cThe great adventure of the bicycle\u201d at the Fort des Dunes de Leffrinckoucke! Season 2024.","og_url":"https:\/\/fort-des-dunes.fr\/en\/temporary-exhibitions\/the-great-bicycle-adventure-from-march-9-to-november-1-2024\/","og_site_name":"Fort des Dunes | Leffrinckoucke","article_publisher":"https:\/\/www.facebook.com\/FortdesDunes\/","article_published_time":"2024-03-09T09:51:32+00:00","article_modified_time":"2025-02-21T17:57:04+00:00","og_image":[{"width":764,"height":1080,"url":"https:\/\/fort-des-dunes.fr\/wp-content\/uploads\/affiche-La-grande-aventure-de-la-bicyclette_page-0001.jpg","type":"image\/jpeg"}],"author":"CPCI Solutions","twitter_card":"summary_large_image","schema":{"@context":"https:\/\/schema.org","@graph":[{"@type":"Article","@id":"https:\/\/fort-des-dunes.fr\/en\/temporary-exhibitions\/the-great-bicycle-adventure-from-march-9-to-november-1-2024\/#article","isPartOf":{"@id":"https:\/\/fort-des-dunes.fr\/en\/temporary-exhibitions\/the-great-bicycle-adventure-from-march-9-to-november-1-2024\/"},"author":{"name":"CPCI Solutions","@id":"https:\/\/fort-des-dunes.fr\/en\/#\/schema\/person\/27aa0f1ac1d5af5ea8d4cb89034171e0"},"headline":"The Great Bicycle Adventure &#8211; from March 9 to November 1, 2024","datePublished":"2024-03-09T09:51:32+00:00","dateModified":"2025-02-21T17:57:04+00:00","mainEntityOfPage":{"@id":"https:\/\/fort-des-dunes.fr\/en\/temporary-exhibitions\/the-great-bicycle-adventure-from-march-9-to-november-1-2024\/"},"wordCount":413,"publisher":{"@id":"https:\/\/fort-des-dunes.fr\/en\/#organization"},"image":{"@id":"https:\/\/fort-des-dunes.fr\/en\/temporary-exhibitions\/the-great-bicycle-adventure-from-march-9-to-november-1-2024\/#primaryimage"},"thumbnailUrl":"https:\/\/fort-des-dunes.fr\/wp-content\/uploads\/affiche-La-grande-aventure-de-la-bicyclette_page-0001.jpg","articleSection":["Temporary exhibitions"],"inLanguage":"en-US"},{"@type":"WebPage","@id":"https:\/\/fort-des-dunes.fr\/en\/temporary-exhibitions\/the-great-bicycle-adventure-from-march-9-to-november-1-2024\/","url":"https:\/\/fort-des-dunes.fr\/en\/temporary-exhibitions\/the-great-bicycle-adventure-from-march-9-to-november-1-2024\/","name":"The Great Bicycle Adventure - from March 9 to November 1, 2024 - Fort des Dunes | Leffrinckoucke","isPartOf":{"@id":"https:\/\/fort-des-dunes.fr\/en\/#website"},"primaryImageOfPage":{"@id":"https:\/\/fort-des-dunes.fr\/en\/temporary-exhibitions\/the-great-bicycle-adventure-from-march-9-to-november-1-2024\/#primaryimage"},"image":{"@id":"https:\/\/fort-des-dunes.fr\/en\/temporary-exhibitions\/the-great-bicycle-adventure-from-march-9-to-november-1-2024\/#primaryimage"},"thumbnailUrl":"https:\/\/fort-des-dunes.fr\/wp-content\/uploads\/affiche-La-grande-aventure-de-la-bicyclette_page-0001.jpg","datePublished":"2024-03-09T09:51:32+00:00","dateModified":"2025-02-21T17:57:04+00:00","breadcrumb":{"@id":"https:\/\/fort-des-dunes.fr\/en\/temporary-exhibitions\/the-great-bicycle-adventure-from-march-9-to-november-1-2024\/#breadcrumb"},"inLanguage":"en-US","potentialAction":[{"@type":"ReadAction","target":["https:\/\/fort-des-dunes.fr\/en\/temporary-exhibitions\/the-great-bicycle-adventure-from-march-9-to-november-1-2024\/"]}]},{"@type":"ImageObject","inLanguage":"en-US","@id":"https:\/\/fort-des-dunes.fr\/en\/temporary-exhibitions\/the-great-bicycle-adventure-from-march-9-to-november-1-2024\/#primaryimage","url":"https:\/\/fort-des-dunes.fr\/wp-content\/uploads\/affiche-La-grande-aventure-de-la-bicyclette_page-0001.jpg","contentUrl":"https:\/\/fort-des-dunes.fr\/wp-content\/uploads\/affiche-La-grande-aventure-de-la-bicyclette_page-0001.jpg","width":764,"height":1080},{"@type":"BreadcrumbList","@id":"https:\/\/fort-des-dunes.fr\/en\/temporary-exhibitions\/the-great-bicycle-adventure-from-march-9-to-november-1-2024\/#breadcrumb","itemListElement":[{"@type":"ListItem","position":1,"name":"Accueil","item":"https:\/\/fort-des-dunes.fr\/en\/"},{"@type":"ListItem","position":2,"name":"Temporary exhibitions","item":"https:\/\/fort-des-dunes.fr\/en\/categorie-actu\/temporary-exhibitions\/"},{"@type":"ListItem","position":3,"name":"The Great Bicycle Adventure &#8211; from March 9 to November 1, 2024"}]},{"@type":"WebSite","@id":"https:\/\/fort-des-dunes.fr\/en\/#website","url":"https:\/\/fort-des-dunes.fr\/en\/","name":"Fort des Dunes | Leffrinckoucke","description":"Un mus\u00e9e historique au coeur des dunes de Dunkerque","publisher":{"@id":"https:\/\/fort-des-dunes.fr\/en\/#organization"},"alternateName":"Fort des Dunes","potentialAction":[{"@type":"SearchAction","target":{"@type":"EntryPoint","urlTemplate":"https:\/\/fort-des-dunes.fr\/en\/?s={search_term_string}"},"query-input":{"@type":"PropertyValueSpecification","valueRequired":true,"valueName":"search_term_string"}}],"inLanguage":"en-US"},{"@type":["Organization","Place","Museum"],"@id":"https:\/\/fort-des-dunes.fr\/en\/#organization","name":"Fort des Dunes Leffrinckoucke-Dunkerque","alternateName":"Fort des Dunes","url":"https:\/\/fort-des-dunes.fr\/en\/","logo":{"@id":"https:\/\/fort-des-dunes.fr\/en\/temporary-exhibitions\/the-great-bicycle-adventure-from-march-9-to-november-1-2024\/#local-main-organization-logo"},"image":{"@id":"https:\/\/fort-des-dunes.fr\/en\/temporary-exhibitions\/the-great-bicycle-adventure-from-march-9-to-november-1-2024\/#local-main-organization-logo"},"sameAs":["https:\/\/www.facebook.com\/FortdesDunes\/","https:\/\/www.instagram.com\/fortdesdunes\/"],"description":"Le Fort des Dunes est un ouvrage militaire situ\u00e9 au sein de l\u2019espace des Dunes de Flandres, sur la commune de Leffrinckoucke et \u00e0 proximit\u00e9 de Dunkerque. Il dispose d'un mus\u00e9e, d'un th\u00e9\u00e2tre et d'un espace de plein air avec de nombreux \u00e9v\u00e9nements, visites, concerts et activit\u00e9s toute l'ann\u00e9e. La billetterie en ligne permet de r\u00e9server les places via le site internet directement.","legalName":"Fort des Dunes","foundingDate":"1998-06-01","numberOfEmployees":{"@type":"QuantitativeValue","minValue":"1","maxValue":"10"},"actionableFeedbackPolicy":"https:\/\/fort-des-dunes.fr\/mentions-legales-politique-confidentialite-rgpd\/","address":{"@id":"https:\/\/fort-des-dunes.fr\/en\/temporary-exhibitions\/the-great-bicycle-adventure-from-march-9-to-november-1-2024\/#local-main-place-address"},"geo":{"@type":"GeoCoordinates","latitude":"51.05342275378238","longitude":"2.4470795569430526"},"telephone":[],"contactPoint":{"@type":"ContactPoint","telephone":"+33328291317"},"openingHoursSpecification":[{"@type":"OpeningHoursSpecification","dayOfWeek":["Monday"],"opens":"00:00","closes":"00:00"},{"@type":"OpeningHoursSpecification","dayOfWeek":["Tuesday","Wednesday","Thursday","Friday","Saturday","Sunday"],"opens":"10:00","closes":"18:00"}],"areaServed":"Leffrinckoucke, Dunkerque"},{"@type":"Person","@id":"https:\/\/fort-des-dunes.fr\/en\/#\/schema\/person\/27aa0f1ac1d5af5ea8d4cb89034171e0","name":"CPCI Solutions","sameAs":["https:\/\/www.cpci-solutions.fr\/"]},{"@type":"PostalAddress","@id":"https:\/\/fort-des-dunes.fr\/en\/temporary-exhibitions\/the-great-bicycle-adventure-from-march-9-to-november-1-2024\/#local-main-place-address","streetAddress":"Chemin du Fort","addressLocality":"Leffrinckoucke","postalCode":"59495","addressCountry":"FR"},{"@type":"ImageObject","inLanguage":"en-US","@id":"https:\/\/fort-des-dunes.fr\/en\/temporary-exhibitions\/the-great-bicycle-adventure-from-march-9-to-november-1-2024\/#local-main-organization-logo","url":"https:\/\/fort-des-dunes.fr\/wp-content\/uploads\/2024\/02\/Muserial_Fort-des-Dunes-Logo-gris.png","contentUrl":"https:\/\/fort-des-dunes.fr\/wp-content\/uploads\/2024\/02\/Muserial_Fort-des-Dunes-Logo-gris.png","width":600,"height":576,"caption":"Fort des Dunes Leffrinckoucke-Dunkerque"}]},"geo.placename":"Leffrinckoucke","geo.position":{"lat":"51.05342275378238","long":"2.4470795569430526"},"geo.region":"France"},"_links":{"self":[{"href":"https:\/\/fort-des-dunes.fr\/en\/wp-json\/wp\/v2\/posts\/5337","targetHints":{"allow":["GET"]}}],"collection":[{"href":"https:\/\/fort-des-dunes.fr\/en\/wp-json\/wp\/v2\/posts"}],"about":[{"href":"https:\/\/fort-des-dunes.fr\/en\/wp-json\/wp\/v2\/types\/post"}],"author":[{"embeddable":true,"href":"https:\/\/fort-des-dunes.fr\/en\/wp-json\/wp\/v2\/users\/1"}],"replies":[{"embeddable":true,"href":"https:\/\/fort-des-dunes.fr\/en\/wp-json\/wp\/v2\/comments?post=5337"}],"version-history":[{"count":6,"href":"https:\/\/fort-des-dunes.fr\/en\/wp-json\/wp\/v2\/posts\/5337\/revisions"}],"predecessor-version":[{"id":9452,"href":"https:\/\/fort-des-dunes.fr\/en\/wp-json\/wp\/v2\/posts\/5337\/revisions\/9452"}],"wp:featuredmedia":[{"embeddable":true,"href":"https:\/\/fort-des-dunes.fr\/en\/wp-json\/wp\/v2\/media\/4870"}],"wp:attachment":[{"href":"https:\/\/fort-des-dunes.fr\/en\/wp-json\/wp\/v2\/media?parent=5337"}],"wp:term":[{"taxonomy":"category","embeddable":true,"href":"https:\/\/fort-des-dunes.fr\/en\/wp-json\/wp\/v2\/categories?post=5337"},{"taxonomy":"post_tag","embeddable":true,"href":"https:\/\/fort-des-dunes.fr\/en\/wp-json\/wp\/v2\/tags?post=5337"}],"curies":[{"name":"wp","href":"https:\/\/api.w.org\/{rel}","templated":true}]}}